{"id":6754,"date":"2024-02-16T11:39:36","date_gmt":"2024-02-16T10:39:36","guid":{"rendered":"https:\/\/www.parchionline.it\/blog\/?p=6754"},"modified":"2025-01-30T12:29:46","modified_gmt":"2025-01-30T11:29:46","slug":"la-citta-dei-bambini-e-dei-ragazzi-di-genova","status":"publish","type":"post","link":"https:\/\/www.parchionline.it\/blog\/la-citta-dei-bambini-e-dei-ragazzi-di-genova\/","title":{"rendered":"La Citt\u00e0 dei Bambini e dei Ragazzi di Genova"},"content":{"rendered":"\n<figure class=\"wp-block-image size-large\"><img loading=\"lazy\" decoding=\"async\" width=\"1024\" height=\"683\" src=\"https:\/\/www.parchionline.it\/blog\/wp-content\/uploads\/2024\/02\/La-Citta-dei-Bambini-e-dei-Ragazzi-Sala-Gusto-e-Olfatto-1024x683.jpg\" alt=\"La Citt\u00e0 dei Bambini e dei Ragazzi di Genova, Sala Gusto e Olfatto\" class=\"wp-image-6756\" srcset=\"https:\/\/www.parchionline.it\/blog\/wp-content\/uploads\/2024\/02\/La-Citta-dei-Bambini-e-dei-Ragazzi-Sala-Gusto-e-Olfatto-1024x683.jpg 1024w, https:\/\/www.parchionline.it\/blog\/wp-content\/uploads\/2024\/02\/La-Citta-dei-Bambini-e-dei-Ragazzi-Sala-Gusto-e-Olfatto-300x200.jpg 300w, https:\/\/www.parchionline.it\/blog\/wp-content\/uploads\/2024\/02\/La-Citta-dei-Bambini-e-dei-Ragazzi-Sala-Gusto-e-Olfatto-930x620.jpg 930w, https:\/\/www.parchionline.it\/blog\/wp-content\/uploads\/2024\/02\/La-Citta-dei-Bambini-e-dei-Ragazzi-Sala-Gusto-e-Olfatto.jpg 1200w\" sizes=\"auto, (max-width: 1024px) 100vw, 1024px\" \/><\/figure>\n\n\n\n<p class=\"wp-block-paragraph\"><strong>La Citt\u00e0 dei Bambini e dei Ragazzi, il primo museo dell&#8217;esperienza dedicato ai &#8220;CINQUE SENSI&#8221; in Italia<\/strong>, offre un vasto spazio espositivo di 2.000 mq con oltre 40 exhibit. Questo innovativo museo consente ai <strong>bambini e ai ragazzi di et\u00e0 compresa tra 2 e 12 anni<\/strong>, insieme ai genitori o ad altri adulti accompagnatori, di intraprendere un viaggio unico alla scoperta di s\u00e9 e del mondo attraverso esperienze dirette.<\/p>\n\n\n\n<p class=\"wp-block-paragraph\">La struttura \u00e8 in costante evoluzione, introducendo ogni anno nuovi spazi, exhibit e proposte didattiche per stimolare sempre nuove forme di visita. Contribuisce in modo significativo all&#8217;attrattivit\u00e0 della Citt\u00e0 di Genova per il pubblico delle famiglie e delle scuole.<\/p>\n\n\n\n<p class=\"wp-block-paragraph\"><strong>La Citt\u00e0 dei Bambini e dei Ragazzi promuove un percorso esperienziale che coinvolge il tatto, la vista, l&#8217;udito, l&#8217;olfatto e il gusto<\/strong> come strumenti per trasmettere conoscenze e divertimento. Questo processo attiva negli individui pi\u00f9 giovani un processo di educazione permanente, trasferendo loro uno spirito critico nei confronti degli stimoli ricevuti. <strong>L&#8217;area denominata <em>Splash<\/em> \u00e8 dedicata espressamente ai bambini di et\u00e0 compresa tra 2 e 4 anni<\/strong>, offrendo un luogo protetto dove muoversi e imparare divertendosi liberamente.<\/p>\n\n\n\n<figure class=\"wp-block-image size-large\"><img loading=\"lazy\" decoding=\"async\" width=\"1024\" height=\"683\" src=\"https:\/\/www.parchionline.it\/blog\/wp-content\/uploads\/2024\/02\/La-Citta-dei-Bambini-e-dei-Ragazzi-Area-Splash-Bambini-4-anni-1024x683.jpg\" alt=\"La Citt\u00e0 dei Bambini e dei Ragazzi, Area Splash per i bambini da 2 a 4 anni\" class=\"wp-image-6757\" srcset=\"https:\/\/www.parchionline.it\/blog\/wp-content\/uploads\/2024\/02\/La-Citta-dei-Bambini-e-dei-Ragazzi-Area-Splash-Bambini-4-anni-1024x683.jpg 1024w, https:\/\/www.parchionline.it\/blog\/wp-content\/uploads\/2024\/02\/La-Citta-dei-Bambini-e-dei-Ragazzi-Area-Splash-Bambini-4-anni-300x200.jpg 300w, https:\/\/www.parchionline.it\/blog\/wp-content\/uploads\/2024\/02\/La-Citta-dei-Bambini-e-dei-Ragazzi-Area-Splash-Bambini-4-anni-930x620.jpg 930w, https:\/\/www.parchionline.it\/blog\/wp-content\/uploads\/2024\/02\/La-Citta-dei-Bambini-e-dei-Ragazzi-Area-Splash-Bambini-4-anni.jpg 1200w\" sizes=\"auto, (max-width: 1024px) 100vw, 1024px\" \/><\/figure>\n\n\n\n<p class=\"wp-block-paragraph\">Attraverso esperienze dirette, i visitatori della Citt\u00e0 diventano protagonisti del loro apprendimento, andando oltre il ruolo di semplici osservatori della realt\u00e0 esterna. L&#8217;ambiente tecnologico, colorato e contemporaneo, con allestimenti scenografici sorprendenti, <strong>pu\u00f2 essere visitato con i genitori, in gruppo o con la scuola<\/strong>, consentendo di vivere un&#8217;esperienza autentica e di approfondire i contenuti appresi grazie alla tecnologia.<\/p>\n\n\n\n<p class=\"wp-block-paragraph\"><strong>La nuova Citt\u00e0 dei Bambini e dei Ragazzi si presenta come un luogo d&#8217;incontro e scoperta per tutte le famiglie: un museo dell&#8217;esperienza da vivere insieme.<\/strong> Uno spazio dove anche i genitori si mettono in gioco diventando protagonisti e non solo accompagnatori, e dove fratelli di et\u00e0 diverse possono divertirsi allo stesso modo. <strong>Tutti gli exhibit, ad eccezione di quelli presenti nell&#8217;area <em>Splash<\/em> e nell&#8217;area con la <em>Casa in costruzione<\/em>, sono accessibili agli adulti senza limiti di peso o altezza.<\/strong><\/p>\n\n\n\n<figure class=\"wp-block-image size-large\"><img loading=\"lazy\" decoding=\"async\" width=\"1024\" height=\"683\" src=\"https:\/\/www.parchionline.it\/blog\/wp-content\/uploads\/2024\/02\/Citta-dei-Bambini-e-dei-Ragazzi-Casa-in-costruzione-1024x683.jpg\" alt=\"\" class=\"wp-image-6759\" srcset=\"https:\/\/www.parchionline.it\/blog\/wp-content\/uploads\/2024\/02\/Citta-dei-Bambini-e-dei-Ragazzi-Casa-in-costruzione-1024x683.jpg 1024w, https:\/\/www.parchionline.it\/blog\/wp-content\/uploads\/2024\/02\/Citta-dei-Bambini-e-dei-Ragazzi-Casa-in-costruzione-300x200.jpg 300w, https:\/\/www.parchionline.it\/blog\/wp-content\/uploads\/2024\/02\/Citta-dei-Bambini-e-dei-Ragazzi-Casa-in-costruzione-930x620.jpg 930w, https:\/\/www.parchionline.it\/blog\/wp-content\/uploads\/2024\/02\/Citta-dei-Bambini-e-dei-Ragazzi-Casa-in-costruzione.jpg 1200w\" sizes=\"auto, (max-width: 1024px) 100vw, 1024px\" \/><\/figure>\n\n\n\n<h2 class=\"wp-block-heading\">Informazioni utili:<\/h2>\n\n\n\n<p class=\"wp-block-paragraph\"><strong>La Citt\u00e0 dei Bambini e dei Ragazzi fa parte del mondo AcquarioVillage<\/strong>, il network gestito da Costa Edutainment che comprende l&#8217;<a href=\"https:\/\/www.parchionline.it\/acquario-di-genova.php\" target=\"_blank\" rel=\"noopener\" title=\"\">Acquario di Genova<\/a>, la <em>Biosfera<\/em> e la ascensore panoramico <em>Bigo<\/em> con l\u2019obiettivo di offrire al pubblico una proposta edutainment integrata che contribuisca alla promozione di Genova, favorendo la permanenza dei turisti in citt\u00e0.<\/p>\n\n\n\n<h3 class=\"wp-block-heading\">Orari di Apertura:<\/h3>\n\n\n\n<p class=\"wp-block-paragraph\"><strong>La Citt\u00e0 dei Bambini e dei Ragazzi \u00e8 aperta tutti i giorni dell\u2019anno con orario continuato. La visita \u00e8 su prenotazione obbligatoria con ingressi ogni ora, dalle ore 10 alle ore 16 (chiusura struttura ore 18).<\/strong><\/p>\n\n\n\n<h3 class=\"wp-block-heading\"><strong>Biglietti d&#8217;ingresso:<\/strong><\/h3>\n\n\n\n<p class=\"wp-block-paragraph\"><strong>I biglietti d&#8217;entrata alla Citt\u00e0 dei Bambini e dei Ragazzi si possono acquistabile, sia singolarmente sia in abbinamento alle altre attrazioni del mondo AcquarioVillage, presso la stessa biglietteria dell\u2019Acquario di Genova oppure direttamente online.<\/strong> <\/p>\n\n\n\n<h3 class=\"wp-block-heading\">Dove si trova:<\/h3>\n\n\n\n<p class=\"wp-block-paragraph\"><strong>La Citt\u00e0 dei Bambini e dei Ragazzi si trova proprio sotto all&#8217;Acquario di Genova, sul Porto Spinola (Porto Antico).<\/strong> L\u2019accesso alla struttura, indipendente rispetto all\u2019Acquario, si trova sul lato sinistro dell\u2019edificio.<\/p>\n\n\n\n<h3 class=\"wp-block-heading\"><br><\/h3>\n","protected":false},"excerpt":{"rendered":"<p>Scopri la Citt\u00e0 dei Bambini e dei Ragazzi: il museo dedicato ai 5 sensi e pensato per i bambini da 2 a 12 anni che si trova sotto all&#8217;Acquario di Genova.<\/p>\n","protected":false},"author":1,"featured_media":6756,"comment_status":"closed","ping_status":"open","sticky":false,"template":"","format":"standard","meta":{"neve_meta_sidebar":"","neve_meta_container":"","neve_meta_enable_content_width":"","neve_meta_content_width":0,"neve_meta_title_alignment":"","neve_meta_author_avatar":"","neve_post_elements_order":"","neve_meta_disable_header":"","neve_meta_disable_footer":"","neve_meta_disable_title":"","footnotes":""},"categories":[20],"tags":[],"class_list":["post-6754","post","type-post","status-publish","format-standard","has-post-thumbnail","hentry","category-acquario-di-genova"],"aioseo_notices":[],"aioseo_head":"\n\t\t<!-- All in One SEO 5.0.1.1 - aioseo.com -->\n\t<meta name=\"description\" content=\"Scopri la Citt\u00e0 dei Bambini e dei Ragazzi: il museo dedicato ai 5 sensi e pensato per i bambini da 2 a 12 anni che si trova sotto all&#039;Acquario di Genova.\" \/>\n\t<meta name=\"robots\" content=\"max-image-preview:large\" \/>\n\t<meta name=\"author\" content=\"Stefano Ganio\"\/>\n\t<meta name=\"keywords\" content=\"acquario di genova\" \/>\n\t<meta name=\"generator\" content=\"All in One SEO (AIOSEO) 5.0.1.1\" \/>\n\t\t<meta property=\"og:locale\" content=\"it_IT\" \/>\n\t\t<meta property=\"og:site_name\" content=\"Blog by Parchionline.it | Eventi, news e offerte speciali per i parchi divertimenti italiani ed esteri\" \/>\n\t\t<meta property=\"og:type\" content=\"article\" \/>\n\t\t<meta property=\"og:title\" content=\"La Citt\u00e0 dei Bambini e dei Ragazzi di Genova\" \/>\n\t\t<meta property=\"og:description\" content=\"Scopri la Citt\u00e0 dei Bambini e dei Ragazzi: il museo dedicato ai 5 sensi e pensato per i bambini da 2 a 12 anni che si trova sotto all&#039;Acquario di Genova.\" \/>\n\t\t<meta property=\"og:url\" content=\"https:\/\/www.parchionline.it\/blog\/la-citta-dei-bambini-e-dei-ragazzi-di-genova\/\" \/>\n\t\t<meta property=\"og:image\" content=\"https:\/\/www.parchionline.it\/blog\/wp-content\/uploads\/2016\/09\/cropped-parchionline-logo-396x70.png\" \/>\n\t\t<meta property=\"og:image:secure_url\" content=\"https:\/\/www.parchionline.it\/blog\/wp-content\/uploads\/2016\/09\/cropped-parchionline-logo-396x70.png\" \/>\n\t\t<meta property=\"article:published_time\" content=\"2024-02-16T10:39:36+00:00\" \/>\n\t\t<meta property=\"article:modified_time\" content=\"2025-01-30T11:29:46+00:00\" \/>\n\t\t<meta property=\"article:publisher\" content=\"https:\/\/www.facebook.com\/parchionline.it\" \/>\n\t\t<meta name=\"twitter:card\" content=\"summary\" \/>\n\t\t<meta name=\"twitter:title\" content=\"La Citt\u00e0 dei Bambini e dei Ragazzi di Genova\" \/>\n\t\t<meta name=\"twitter:description\" content=\"Scopri la Citt\u00e0 dei Bambini e dei Ragazzi: il museo dedicato ai 5 sensi e pensato per i bambini da 2 a 12 anni che si trova sotto all&#039;Acquario di Genova.\" \/>\n\t\t<meta name=\"twitter:image\" content=\"https:\/\/www.parchionline.it\/blog\/wp-content\/uploads\/2016\/09\/cropped-parchionline-logo-396x70.png\" \/>\n\t\t<script type=\"application\/ld+json\" class=\"aioseo-schema\">\n\t\t\t{\"@context\":\"https:\\\/\\\/schema.org\",\"@graph\":[{\"@type\":\"Article\",\"@id\":\"https:\\\/\\\/www.parchionline.it\\\/blog\\\/la-citta-dei-bambini-e-dei-ragazzi-di-genova\\\/#article\",\"name\":\"La Citt\\u00e0 dei Bambini e dei Ragazzi di Genova\",\"headline\":\"La Citt\\u00e0 dei Bambini e dei Ragazzi di Genova\",\"author\":{\"@id\":\"https:\\\/\\\/www.parchionline.it\\\/blog\\\/author\\\/idste\\\/#author\"},\"publisher\":{\"@id\":\"https:\\\/\\\/www.parchionline.it\\\/blog\\\/#organization\"},\"image\":{\"@type\":\"ImageObject\",\"url\":\"https:\\\/\\\/www.parchionline.it\\\/blog\\\/wp-content\\\/uploads\\\/2024\\\/02\\\/La-Citta-dei-Bambini-e-dei-Ragazzi-Sala-Gusto-e-Olfatto.jpg\",\"width\":1200,\"height\":800},\"datePublished\":\"2024-02-16T11:39:36+01:00\",\"dateModified\":\"2025-01-30T12:29:46+01:00\",\"inLanguage\":\"it-IT\",\"mainEntityOfPage\":{\"@id\":\"https:\\\/\\\/www.parchionline.it\\\/blog\\\/la-citta-dei-bambini-e-dei-ragazzi-di-genova\\\/#webpage\"},\"isPartOf\":{\"@id\":\"https:\\\/\\\/www.parchionline.it\\\/blog\\\/la-citta-dei-bambini-e-dei-ragazzi-di-genova\\\/#webpage\"},\"articleSection\":\"Acquario di Genova\"},{\"@type\":\"BreadcrumbList\",\"@id\":\"https:\\\/\\\/www.parchionline.it\\\/blog\\\/la-citta-dei-bambini-e-dei-ragazzi-di-genova\\\/#breadcrumblist\",\"itemListElement\":[{\"@type\":\"ListItem\",\"@id\":\"https:\\\/\\\/www.parchionline.it\\\/blog#listItem\",\"position\":1,\"name\":\"Home\",\"item\":\"https:\\\/\\\/www.parchionline.it\\\/blog\",\"nextItem\":{\"@type\":\"ListItem\",\"@id\":\"https:\\\/\\\/www.parchionline.it\\\/blog\\\/category\\\/acquario-di-genova\\\/#listItem\",\"name\":\"Acquario di Genova\"}},{\"@type\":\"ListItem\",\"@id\":\"https:\\\/\\\/www.parchionline.it\\\/blog\\\/category\\\/acquario-di-genova\\\/#listItem\",\"position\":2,\"name\":\"Acquario di Genova\",\"item\":\"https:\\\/\\\/www.parchionline.it\\\/blog\\\/category\\\/acquario-di-genova\\\/\",\"nextItem\":{\"@type\":\"ListItem\",\"@id\":\"https:\\\/\\\/www.parchionline.it\\\/blog\\\/la-citta-dei-bambini-e-dei-ragazzi-di-genova\\\/#listItem\",\"name\":\"La Citt\\u00e0 dei Bambini e dei Ragazzi di Genova\"},\"previousItem\":{\"@type\":\"ListItem\",\"@id\":\"https:\\\/\\\/www.parchionline.it\\\/blog#listItem\",\"name\":\"Home\"}},{\"@type\":\"ListItem\",\"@id\":\"https:\\\/\\\/www.parchionline.it\\\/blog\\\/la-citta-dei-bambini-e-dei-ragazzi-di-genova\\\/#listItem\",\"position\":3,\"name\":\"La Citt\\u00e0 dei Bambini e dei Ragazzi di Genova\",\"previousItem\":{\"@type\":\"ListItem\",\"@id\":\"https:\\\/\\\/www.parchionline.it\\\/blog\\\/category\\\/acquario-di-genova\\\/#listItem\",\"name\":\"Acquario di Genova\"}}]},{\"@type\":\"Organization\",\"@id\":\"https:\\\/\\\/www.parchionline.it\\\/blog\\\/#organization\",\"name\":\"Blog by Parchionline.it\",\"description\":\"Eventi, news e offerte speciali per i parchi divertimenti italiani ed esteri\",\"url\":\"https:\\\/\\\/www.parchionline.it\\\/blog\\\/\",\"logo\":{\"@type\":\"ImageObject\",\"url\":\"https:\\\/\\\/www.parchionline.it\\\/blog\\\/wp-content\\\/uploads\\\/2016\\\/09\\\/cropped-parchionline-logo-396x70.png\",\"@id\":\"https:\\\/\\\/www.parchionline.it\\\/blog\\\/la-citta-dei-bambini-e-dei-ragazzi-di-genova\\\/#organizationLogo\",\"width\":401,\"height\":67},\"image\":{\"@id\":\"https:\\\/\\\/www.parchionline.it\\\/blog\\\/la-citta-dei-bambini-e-dei-ragazzi-di-genova\\\/#organizationLogo\"},\"sameAs\":[\"https:\\\/\\\/www.facebook.com\\\/parchionline.it\",\"https:\\\/\\\/www.instagram.com\\\/parchionline\\\/\",\"https:\\\/\\\/it.pinterest.com\\\/parchionline\\\/\",\"https:\\\/\\\/www.youtube.com\\\/channel\\\/UCXBhyBaZdkd0mekA5BJF8Ug\"]},{\"@type\":\"Person\",\"@id\":\"https:\\\/\\\/www.parchionline.it\\\/blog\\\/author\\\/idste\\\/#author\",\"url\":\"https:\\\/\\\/www.parchionline.it\\\/blog\\\/author\\\/idste\\\/\",\"name\":\"Stefano Ganio\",\"image\":{\"@type\":\"ImageObject\",\"@id\":\"https:\\\/\\\/www.parchionline.it\\\/blog\\\/la-citta-dei-bambini-e-dei-ragazzi-di-genova\\\/#authorImage\",\"url\":\"https:\\\/\\\/secure.gravatar.com\\\/avatar\\\/c479a1b7ac9e18ab199b0e8bc1901b176cbcfa99134c1e0092c6dfa0a877162b?s=96&d=mm&r=g\",\"width\":96,\"height\":96,\"caption\":\"Stefano Ganio\"}},{\"@type\":\"WebPage\",\"@id\":\"https:\\\/\\\/www.parchionline.it\\\/blog\\\/la-citta-dei-bambini-e-dei-ragazzi-di-genova\\\/#webpage\",\"url\":\"https:\\\/\\\/www.parchionline.it\\\/blog\\\/la-citta-dei-bambini-e-dei-ragazzi-di-genova\\\/\",\"name\":\"La Citt\\u00e0 dei Bambini e dei Ragazzi di Genova\",\"description\":\"Scopri la Citt\\u00e0 dei Bambini e dei Ragazzi: il museo dedicato ai 5 sensi e pensato per i bambini da 2 a 12 anni che si trova sotto all'Acquario di Genova.\",\"inLanguage\":\"it-IT\",\"isPartOf\":{\"@id\":\"https:\\\/\\\/www.parchionline.it\\\/blog\\\/#website\"},\"breadcrumb\":{\"@id\":\"https:\\\/\\\/www.parchionline.it\\\/blog\\\/la-citta-dei-bambini-e-dei-ragazzi-di-genova\\\/#breadcrumblist\"},\"author\":{\"@id\":\"https:\\\/\\\/www.parchionline.it\\\/blog\\\/author\\\/idste\\\/#author\"},\"creator\":{\"@id\":\"https:\\\/\\\/www.parchionline.it\\\/blog\\\/author\\\/idste\\\/#author\"},\"image\":{\"@type\":\"ImageObject\",\"url\":\"https:\\\/\\\/www.parchionline.it\\\/blog\\\/wp-content\\\/uploads\\\/2024\\\/02\\\/La-Citta-dei-Bambini-e-dei-Ragazzi-Sala-Gusto-e-Olfatto.jpg\",\"@id\":\"https:\\\/\\\/www.parchionline.it\\\/blog\\\/la-citta-dei-bambini-e-dei-ragazzi-di-genova\\\/#mainImage\",\"width\":1200,\"height\":800},\"primaryImageOfPage\":{\"@id\":\"https:\\\/\\\/www.parchionline.it\\\/blog\\\/la-citta-dei-bambini-e-dei-ragazzi-di-genova\\\/#mainImage\"},\"datePublished\":\"2024-02-16T11:39:36+01:00\",\"dateModified\":\"2025-01-30T12:29:46+01:00\"},{\"@type\":\"WebSite\",\"@id\":\"https:\\\/\\\/www.parchionline.it\\\/blog\\\/#website\",\"url\":\"https:\\\/\\\/www.parchionline.it\\\/blog\\\/\",\"name\":\"Blog by Parchionline.it\",\"description\":\"Eventi, news e offerte speciali per i parchi divertimenti italiani ed esteri\",\"inLanguage\":\"it-IT\",\"publisher\":{\"@id\":\"https:\\\/\\\/www.parchionline.it\\\/blog\\\/#organization\"}}]}\n\t\t<\/script>\n\t\t<!-- All in One SEO -->\n\n","aioseo_head_json":{"title":"La Citt\u00e0 dei Bambini e dei Ragazzi di Genova","description":"Scopri la Citt\u00e0 dei Bambini e dei Ragazzi: il museo dedicato ai 5 sensi e pensato per i bambini da 2 a 12 anni che si trova sotto all'Acquario di Genova.","canonical_url":"https:\/\/www.parchionline.it\/blog\/la-citta-dei-bambini-e-dei-ragazzi-di-genova\/","robots":"max-image-preview:large","keywords":"acquario di genova","webmasterTools":{"miscellaneous":""},"schema":{"@context":"https:\/\/schema.org","@graph":[{"@type":"Article","@id":"https:\/\/www.parchionline.it\/blog\/la-citta-dei-bambini-e-dei-ragazzi-di-genova\/#article","name":"La Citt\u00e0 dei Bambini e dei Ragazzi di Genova","headline":"La Citt\u00e0 dei Bambini e dei Ragazzi di Genova","author":{"@id":"https:\/\/www.parchionline.it\/blog\/author\/idste\/#author"},"publisher":{"@id":"https:\/\/www.parchionline.it\/blog\/#organization"},"image":{"@type":"ImageObject","url":"https:\/\/www.parchionline.it\/blog\/wp-content\/uploads\/2024\/02\/La-Citta-dei-Bambini-e-dei-Ragazzi-Sala-Gusto-e-Olfatto.jpg","width":1200,"height":800},"datePublished":"2024-02-16T11:39:36+01:00","dateModified":"2025-01-30T12:29:46+01:00","inLanguage":"it-IT","mainEntityOfPage":{"@id":"https:\/\/www.parchionline.it\/blog\/la-citta-dei-bambini-e-dei-ragazzi-di-genova\/#webpage"},"isPartOf":{"@id":"https:\/\/www.parchionline.it\/blog\/la-citta-dei-bambini-e-dei-ragazzi-di-genova\/#webpage"},"articleSection":"Acquario di Genova"},{"@type":"BreadcrumbList","@id":"https:\/\/www.parchionline.it\/blog\/la-citta-dei-bambini-e-dei-ragazzi-di-genova\/#breadcrumblist","itemListElement":[{"@type":"ListItem","@id":"https:\/\/www.parchionline.it\/blog#listItem","position":1,"name":"Home","item":"https:\/\/www.parchionline.it\/blog","nextItem":{"@type":"ListItem","@id":"https:\/\/www.parchionline.it\/blog\/category\/acquario-di-genova\/#listItem","name":"Acquario di Genova"}},{"@type":"ListItem","@id":"https:\/\/www.parchionline.it\/blog\/category\/acquario-di-genova\/#listItem","position":2,"name":"Acquario di Genova","item":"https:\/\/www.parchionline.it\/blog\/category\/acquario-di-genova\/","nextItem":{"@type":"ListItem","@id":"https:\/\/www.parchionline.it\/blog\/la-citta-dei-bambini-e-dei-ragazzi-di-genova\/#listItem","name":"La Citt\u00e0 dei Bambini e dei Ragazzi di Genova"},"previousItem":{"@type":"ListItem","@id":"https:\/\/www.parchionline.it\/blog#listItem","name":"Home"}},{"@type":"ListItem","@id":"https:\/\/www.parchionline.it\/blog\/la-citta-dei-bambini-e-dei-ragazzi-di-genova\/#listItem","position":3,"name":"La Citt\u00e0 dei Bambini e dei Ragazzi di Genova","previousItem":{"@type":"ListItem","@id":"https:\/\/www.parchionline.it\/blog\/category\/acquario-di-genova\/#listItem","name":"Acquario di Genova"}}]},{"@type":"Organization","@id":"https:\/\/www.parchionline.it\/blog\/#organization","name":"Blog by Parchionline.it","description":"Eventi, news e offerte speciali per i parchi divertimenti italiani ed esteri","url":"https:\/\/www.parchionline.it\/blog\/","logo":{"@type":"ImageObject","url":"https:\/\/www.parchionline.it\/blog\/wp-content\/uploads\/2016\/09\/cropped-parchionline-logo-396x70.png","@id":"https:\/\/www.parchionline.it\/blog\/la-citta-dei-bambini-e-dei-ragazzi-di-genova\/#organizationLogo","width":401,"height":67},"image":{"@id":"https:\/\/www.parchionline.it\/blog\/la-citta-dei-bambini-e-dei-ragazzi-di-genova\/#organizationLogo"},"sameAs":["https:\/\/www.facebook.com\/parchionline.it","https:\/\/www.instagram.com\/parchionline\/","https:\/\/it.pinterest.com\/parchionline\/","https:\/\/www.youtube.com\/channel\/UCXBhyBaZdkd0mekA5BJF8Ug"]},{"@type":"Person","@id":"https:\/\/www.parchionline.it\/blog\/author\/idste\/#author","url":"https:\/\/www.parchionline.it\/blog\/author\/idste\/","name":"Stefano Ganio","image":{"@type":"ImageObject","@id":"https:\/\/www.parchionline.it\/blog\/la-citta-dei-bambini-e-dei-ragazzi-di-genova\/#authorImage","url":"https:\/\/secure.gravatar.com\/avatar\/c479a1b7ac9e18ab199b0e8bc1901b176cbcfa99134c1e0092c6dfa0a877162b?s=96&d=mm&r=g","width":96,"height":96,"caption":"Stefano Ganio"}},{"@type":"WebPage","@id":"https:\/\/www.parchionline.it\/blog\/la-citta-dei-bambini-e-dei-ragazzi-di-genova\/#webpage","url":"https:\/\/www.parchionline.it\/blog\/la-citta-dei-bambini-e-dei-ragazzi-di-genova\/","name":"La Citt\u00e0 dei Bambini e dei Ragazzi di Genova","description":"Scopri la Citt\u00e0 dei Bambini e dei Ragazzi: il museo dedicato ai 5 sensi e pensato per i bambini da 2 a 12 anni che si trova sotto all'Acquario di Genova.","inLanguage":"it-IT","isPartOf":{"@id":"https:\/\/www.parchionline.it\/blog\/#website"},"breadcrumb":{"@id":"https:\/\/www.parchionline.it\/blog\/la-citta-dei-bambini-e-dei-ragazzi-di-genova\/#breadcrumblist"},"author":{"@id":"https:\/\/www.parchionline.it\/blog\/author\/idste\/#author"},"creator":{"@id":"https:\/\/www.parchionline.it\/blog\/author\/idste\/#author"},"image":{"@type":"ImageObject","url":"https:\/\/www.parchionline.it\/blog\/wp-content\/uploads\/2024\/02\/La-Citta-dei-Bambini-e-dei-Ragazzi-Sala-Gusto-e-Olfatto.jpg","@id":"https:\/\/www.parchionline.it\/blog\/la-citta-dei-bambini-e-dei-ragazzi-di-genova\/#mainImage","width":1200,"height":800},"primaryImageOfPage":{"@id":"https:\/\/www.parchionline.it\/blog\/la-citta-dei-bambini-e-dei-ragazzi-di-genova\/#mainImage"},"datePublished":"2024-02-16T11:39:36+01:00","dateModified":"2025-01-30T12:29:46+01:00"},{"@type":"WebSite","@id":"https:\/\/www.parchionline.it\/blog\/#website","url":"https:\/\/www.parchionline.it\/blog\/","name":"Blog by Parchionline.it","description":"Eventi, news e offerte speciali per i parchi divertimenti italiani ed esteri","inLanguage":"it-IT","publisher":{"@id":"https:\/\/www.parchionline.it\/blog\/#organization"}}]},"og:locale":"it_IT","og:site_name":"Blog by Parchionline.it | Eventi, news e offerte speciali per i parchi divertimenti italiani ed esteri","og:type":"article","og:title":"La Citt\u00e0 dei Bambini e dei Ragazzi di Genova","og:description":"Scopri la Citt\u00e0 dei Bambini e dei Ragazzi: il museo dedicato ai 5 sensi e pensato per i bambini da 2 a 12 anni che si trova sotto all'Acquario di Genova.","og:url":"https:\/\/www.parchionline.it\/blog\/la-citta-dei-bambini-e-dei-ragazzi-di-genova\/","og:image":"https:\/\/www.parchionline.it\/blog\/wp-content\/uploads\/2016\/09\/cropped-parchionline-logo-396x70.png","og:image:secure_url":"https:\/\/www.parchionline.it\/blog\/wp-content\/uploads\/2016\/09\/cropped-parchionline-logo-396x70.png","article:published_time":"2024-02-16T10:39:36+00:00","article:modified_time":"2025-01-30T11:29:46+00:00","article:publisher":"https:\/\/www.facebook.com\/parchionline.it","twitter:card":"summary","twitter:title":"La Citt\u00e0 dei Bambini e dei Ragazzi di Genova","twitter:description":"Scopri la Citt\u00e0 dei Bambini e dei Ragazzi: il museo dedicato ai 5 sensi e pensato per i bambini da 2 a 12 anni che si trova sotto all'Acquario di Genova.","twitter:image":"https:\/\/www.parchionline.it\/blog\/wp-content\/uploads\/2016\/09\/cropped-parchionline-logo-396x70.png"},"aioseo_meta_data":{"post_id":"6754","title":"#post_title","description":"#post_excerpt","keywords":null,"keyphrases":{"focus":{"keyphrase":"","score":0,"analysis":{"keyphraseInTitle":{"score":0,"maxScore":9,"error":1}}},"additional":[]},"primary_term":null,"canonical_url":null,"og_title":null,"og_description":null,"og_object_type":"default","og_image_type":"default","og_image_url":null,"og_image_width":null,"og_image_height":null,"og_image_custom_url":null,"og_image_custom_fields":null,"og_video":"","og_custom_url":null,"og_article_section":null,"og_article_tags":null,"twitter_use_og":false,"twitter_card":"default","twitter_image_type":"default","twitter_image_url":null,"twitter_image_custom_url":null,"twitter_image_custom_fields":null,"twitter_title":null,"twitter_description":null,"schema":{"blockGraphs":[],"customGraphs":[],"default":{"data":{"Article":[],"Course":[],"Dataset":[],"FAQPage":[],"Movie":[],"Person":[],"Product":[],"ProductReview":[],"Car":[],"Recipe":[],"Service":[],"SoftwareApplication":[],"WebPage":[]},"graphName":"Article","isEnabled":true},"graphs":[]},"schema_type":"default","schema_type_options":null,"pillar_content":false,"robots_default":true,"robots_noindex":false,"robots_noarchive":false,"robots_nosnippet":false,"robots_nofollow":false,"robots_noimageindex":false,"robots_noodp":false,"robots_notranslate":false,"robots_max_snippet":"-1","robots_max_videopreview":"-1","robots_max_imagepreview":"large","priority":null,"frequency":"default","location":null,"local_seo":null,"breadcrumb_settings":null,"limit_modified_date":false,"ai":null,"created":"2024-02-16 10:18:11","updated":"2025-06-20 18:02:08","seo_analyzer_scan_date":null,"focus_keyword":null,"additional_keywords":null,"truseo_locale":null},"amp_enabled":true,"_links":{"self":[{"href":"https:\/\/www.parchionline.it\/blog\/wp-json\/wp\/v2\/posts\/6754","targetHints":{"allow":["GET"]}}],"collection":[{"href":"https:\/\/www.parchionline.it\/blog\/wp-json\/wp\/v2\/posts"}],"about":[{"href":"https:\/\/www.parchionline.it\/blog\/wp-json\/wp\/v2\/types\/post"}],"author":[{"embeddable":true,"href":"https:\/\/www.parchionline.it\/blog\/wp-json\/wp\/v2\/users\/1"}],"replies":[{"embeddable":true,"href":"https:\/\/www.parchionline.it\/blog\/wp-json\/wp\/v2\/comments?post=6754"}],"version-history":[{"count":3,"href":"https:\/\/www.parchionline.it\/blog\/wp-json\/wp\/v2\/posts\/6754\/revisions"}],"predecessor-version":[{"id":6761,"href":"https:\/\/www.parchionline.it\/blog\/wp-json\/wp\/v2\/posts\/6754\/revisions\/6761"}],"wp:featuredmedia":[{"embeddable":true,"href":"https:\/\/www.parchionline.it\/blog\/wp-json\/wp\/v2\/media\/6756"}],"wp:attachment":[{"href":"https:\/\/www.parchionline.it\/blog\/wp-json\/wp\/v2\/media?parent=6754"}],"wp:term":[{"taxonomy":"category","embeddable":true,"href":"https:\/\/www.parchionline.it\/blog\/wp-json\/wp\/v2\/categories?post=6754"},{"taxonomy":"post_tag","embeddable":true,"href":"https:\/\/www.parchionline.it\/blog\/wp-json\/wp\/v2\/tags?post=6754"}],"curies":[{"name":"wp","href":"https:\/\/api.w.org\/{rel}","templated":true}]}}