{"id":7162,"date":"2024-05-29T12:12:12","date_gmt":"2024-05-29T10:12:12","guid":{"rendered":"https:\/\/www.parchionline.it\/blog\/?p=7162"},"modified":"2026-01-05T14:57:49","modified_gmt":"2026-01-05T13:57:49","slug":"apertura-estiva-di-gardaland-park-biglietto-serale-ed-eventi","status":"publish","type":"post","link":"https:\/\/www.parchionline.it\/blog\/apertura-estiva-di-gardaland-park-biglietto-serale-ed-eventi\/","title":{"rendered":"Apertura estiva di Gardaland Park: Biglietto Serale ed Eventi"},"content":{"rendered":"\n<figure class=\"wp-block-image size-large\"><img loading=\"lazy\" decoding=\"async\" width=\"1024\" height=\"683\" src=\"https:\/\/www.parchionline.it\/blog\/wp-content\/uploads\/2024\/05\/Gardaland-Fantasy-Kingdom-di-sera-1024x683.jpg\" alt=\"L'Albero di Prezzemolo illuminato durante l'apertura serale estiva di Gardaland Park\" class=\"wp-image-7163\" srcset=\"https:\/\/www.parchionline.it\/blog\/wp-content\/uploads\/2024\/05\/Gardaland-Fantasy-Kingdom-di-sera-1024x683.jpg 1024w, https:\/\/www.parchionline.it\/blog\/wp-content\/uploads\/2024\/05\/Gardaland-Fantasy-Kingdom-di-sera-300x200.jpg 300w, https:\/\/www.parchionline.it\/blog\/wp-content\/uploads\/2024\/05\/Gardaland-Fantasy-Kingdom-di-sera-930x620.jpg 930w, https:\/\/www.parchionline.it\/blog\/wp-content\/uploads\/2024\/05\/Gardaland-Fantasy-Kingdom-di-sera.jpg 1200w\" sizes=\"auto, (max-width: 1024px) 100vw, 1024px\" \/><\/figure>\n\n\n\n<p class=\"wp-block-paragraph\">C<strong>on l&#8217;arrivo dell&#8217;estate, Gardaland Park propone Night is Magic, l&#8217;apertura prolungata fino alle 23<\/strong> che promette di rendere le serate ancora pi\u00f9 magiche, tra luci scintillanti, attrazioni emozionanti e un&#8217;atmosfera suggestiva.<\/p>\n\n\n\n<h3 class=\"wp-block-heading\">Un&#8217;Esperienza Serale Unica<\/h3>\n\n\n\n<p class=\"wp-block-paragraph\"><strong>Il Biglietto Serale di Gardaland \u00e8 disponibile da <u>sabato 15 giugno e fino all\u20198 settembre<\/u> 2024 e consente l&#8217;entrata dalle 18:00 fino alla chiusura del parco<\/strong>, consentendo ai visitatori di godersi le attrazioni con un clima pi\u00f9 fresco e meno affollamento rispetto alle ore diurne. Le attrazioni, dai roller coaster adrenalinici alle avventure per tutta la famiglia, diventano ancora pi\u00f9 spettacolari sotto il cielo stellato e con le suggestive illuminazioni notturne che aggiungono un tocco di magia.<\/p>\n\n\n\n<figure class=\"wp-block-image size-large\"><img loading=\"lazy\" decoding=\"async\" width=\"1024\" height=\"683\" src=\"https:\/\/www.parchionline.it\/blog\/wp-content\/uploads\/2024\/05\/Gardaland-Oblivion-di-sera-1024x683.jpg\" alt=\"Le montagne russe Oblivion di Gardaland Park illuminate durante l'apertura serale nei mesi estivi\" class=\"wp-image-7165\" srcset=\"https:\/\/www.parchionline.it\/blog\/wp-content\/uploads\/2024\/05\/Gardaland-Oblivion-di-sera-1024x683.jpg 1024w, https:\/\/www.parchionline.it\/blog\/wp-content\/uploads\/2024\/05\/Gardaland-Oblivion-di-sera-300x200.jpg 300w, https:\/\/www.parchionline.it\/blog\/wp-content\/uploads\/2024\/05\/Gardaland-Oblivion-di-sera-930x620.jpg 930w, https:\/\/www.parchionline.it\/blog\/wp-content\/uploads\/2024\/05\/Gardaland-Oblivion-di-sera.jpg 1200w\" sizes=\"auto, (max-width: 1024px) 100vw, 1024px\" \/><\/figure>\n\n\n\n<h3 class=\"wp-block-heading\">Vantaggi del biglietto serale a prezzo scontato<\/h3>\n\n\n\n<p class=\"wp-block-paragraph\">Oltre al piacere di vivere Gardaland Park in un contesto serale, <strong>il biglietto serale offre una serie di vantaggi pratici ed economici<\/strong>. Tra questi, la possibilit\u00e0 di acquistare il biglietto a un prezzo scontato rispetto al biglietto giornaliero, rendendolo una scelta ideale per chi desidera una visita pi\u00f9 breve o vuole sfruttare al massimo le ore pi\u00f9 fresche della giornata. <a href=\"https:\/\/www.parchionline.it\/gardaland.php\" title=\"Prezzi Gardaland\">Scopri qui il listino prezzi di Gardaland Park aggiornato<\/a>.<\/p>\n\n\n\n<h3 class=\"wp-block-heading\">Apertura serale estiva di Gardaland con eventi e spettacoli serali<\/h3>\n\n\n\n<p class=\"wp-block-paragraph\"><strong>Durante l&#8217;estate, Gardaland Park arricchisce ulteriormente l&#8217;esperienza serale con una serie di eventi e spettacoli notturni esclusivi<\/strong> regalando momenti indimenticabili a grandi e piccini. <strong>Fra le date da fissare in calendario per l&#8217;estate 2024 c&#8217;\u00e8 anche quella del 22 giugno 2024 con il Gardaland Summer Festival:<\/strong> l\u2019evento musicale dell\u2019estate in collaborazione con RTL 102.5, fino all\u20191:00 di notte! <strong>Special guest dell\u2019edizione 2024 del Gardaland Summer Festival: gli Articolo 31!<\/strong> J-Ax e DJ Jad trasformeranno piazza Jumanji in una discoteca a cielo aperto, si baller\u00e0 e si canter\u00e0 sulle note rap delle loro hit.<\/p>\n\n\n\n<h3 class=\"wp-block-heading\">Consigli per i visitatori che desiderano sfruttare il biglietto serale di Gardaland Park<\/h3>\n\n\n\n<p class=\"wp-block-paragraph\"><strong>Per sfruttare al meglio il biglietto serale di Gardaland, ecco alcuni consigli utili:<\/strong><\/p>\n\n\n\n<ol class=\"wp-block-list\">\n<li><strong>Pianifica la tua visita<\/strong>: Verifica gli orari delle attrazioni e degli spettacoli serali sul sito ufficiale di Gardaland per organizzare al meglio il tuo tempo nel parco.<\/li>\n\n\n\n<li><strong>Abbigliamento comodo<\/strong>: Anche se la temperatura serale \u00e8 pi\u00f9 fresca, \u00e8 sempre consigliabile indossare abiti e calzature comode per godersi al meglio le attrazioni. Pu\u00f2 essere utile avere a portata di mano una felpa.<\/li>\n\n\n\n<li><strong>Approfitta delle attrazioni acquatiche:<\/strong> Di sera le attrazioni bagnate hanno tempo di attesa particolarmente ridotti. Se non fa troppo freddo ne puoi approfittare ma occhio agli orari di chiusura che possono essere anticipati rispetto all&#8217;orario di chiusura generale del Parco. <\/li>\n\n\n\n<li><strong>Non perdere gli spettacoli<\/strong>: Gli eventi notturni sono un must. Arriva in anticipo per assicurarti un buon posto e vivere l&#8217;esperienza al massimo.<\/li>\n<\/ol>\n\n\n\n<p class=\"wp-block-paragraph\"><strong>Il Biglietto Serale di Gardaland Park rappresenta un&#8217;opportunit\u00e0 imperdibile per chi \u00e8 in vacanza sul Lago di Garda e desidera vivere la magia del parco in un&#8217;atmosfera serale unica.<\/strong> <br><br>Che tu sia un appassionato di adrenalina o in cerca di una serata diversa in famiglia, Gardaland sapr\u00e0 offrire un&#8217;esperienza indimenticabile tra divertimento e incanto. Non resta che approfittare di questa occasione e lasciarsi trasportare dalla <strong>magia delle notti estive a Gardaland<\/strong>.<br><br><\/p>\n","protected":false},"excerpt":{"rendered":"<p>Scopri la magia dell&#8217;apertura serale di Gardaland durante i mesi estivi: costo del biglietto serale a prezzi scontati e info su orari, periodo, date, eventi. <\/p>\n","protected":false},"author":1,"featured_media":7163,"comment_status":"closed","ping_status":"open","sticky":false,"template":"","format":"standard","meta":{"neve_meta_sidebar":"","neve_meta_container":"","neve_meta_enable_content_width":"","neve_meta_content_width":0,"neve_meta_title_alignment":"","neve_meta_author_avatar":"","neve_post_elements_order":"","neve_meta_disable_header":"","neve_meta_disable_footer":"","neve_meta_disable_title":"","footnotes":""},"categories":[54],"tags":[],"class_list":["post-7162","post","type-post","status-publish","format-standard","has-post-thumbnail","hentry","category-gardaland"],"aioseo_notices":[],"aioseo_head":"\n\t\t<!-- All in One SEO 4.9.10 - aioseo.com -->\n\t<meta name=\"description\" content=\"Scopri la magia dell&#039;apertura serale di Gardaland durante i mesi estivi: costo del biglietto serale a prezzi scontati e info su orari, periodo, date, eventi.\" \/>\n\t<meta name=\"robots\" content=\"max-image-preview:large\" \/>\n\t<meta name=\"author\" content=\"Stefano Ganio\"\/>\n\t<meta name=\"keywords\" content=\"gardaland\" \/>\n\t<meta name=\"generator\" content=\"All in One SEO (AIOSEO) 4.9.10\" \/>\n\t\t<meta property=\"og:locale\" content=\"it_IT\" \/>\n\t\t<meta property=\"og:site_name\" content=\"Blog by Parchionline.it | Eventi, news e offerte speciali per i parchi divertimenti italiani ed esteri\" \/>\n\t\t<meta property=\"og:type\" content=\"article\" \/>\n\t\t<meta property=\"og:title\" content=\"Apertura estiva di Gardaland Park: Biglietto Serale ed Eventi\" \/>\n\t\t<meta property=\"og:description\" content=\"Scopri la magia dell&#039;apertura serale di Gardaland durante i mesi estivi: costo del biglietto serale a prezzi scontati e info su orari, periodo, date, eventi.\" \/>\n\t\t<meta property=\"og:url\" content=\"https:\/\/www.parchionline.it\/blog\/apertura-estiva-di-gardaland-park-biglietto-serale-ed-eventi\/\" \/>\n\t\t<meta property=\"og:image\" content=\"https:\/\/www.parchionline.it\/blog\/wp-content\/uploads\/2016\/09\/cropped-parchionline-logo-396x70.png\" \/>\n\t\t<meta property=\"og:image:secure_url\" content=\"https:\/\/www.parchionline.it\/blog\/wp-content\/uploads\/2016\/09\/cropped-parchionline-logo-396x70.png\" \/>\n\t\t<meta property=\"article:published_time\" content=\"2024-05-29T10:12:12+00:00\" \/>\n\t\t<meta property=\"article:modified_time\" content=\"2026-01-05T13:57:49+00:00\" \/>\n\t\t<meta property=\"article:publisher\" content=\"https:\/\/www.facebook.com\/parchionline.it\" \/>\n\t\t<meta name=\"twitter:card\" content=\"summary\" \/>\n\t\t<meta name=\"twitter:title\" content=\"Apertura estiva di Gardaland Park: Biglietto Serale ed Eventi\" \/>\n\t\t<meta name=\"twitter:description\" content=\"Scopri la magia dell&#039;apertura serale di Gardaland durante i mesi estivi: costo del biglietto serale a prezzi scontati e info su orari, periodo, date, eventi.\" \/>\n\t\t<meta name=\"twitter:image\" content=\"https:\/\/www.parchionline.it\/blog\/wp-content\/uploads\/2016\/09\/cropped-parchionline-logo-396x70.png\" \/>\n\t\t<script type=\"application\/ld+json\" class=\"aioseo-schema\">\n\t\t\t{\"@context\":\"https:\\\/\\\/schema.org\",\"@graph\":[{\"@type\":\"Article\",\"@id\":\"https:\\\/\\\/www.parchionline.it\\\/blog\\\/apertura-estiva-di-gardaland-park-biglietto-serale-ed-eventi\\\/#article\",\"name\":\"Apertura estiva di Gardaland Park: Biglietto Serale ed Eventi\",\"headline\":\"Apertura estiva di Gardaland Park: Biglietto Serale ed Eventi\",\"author\":{\"@id\":\"https:\\\/\\\/www.parchionline.it\\\/blog\\\/author\\\/idste\\\/#author\"},\"publisher\":{\"@id\":\"https:\\\/\\\/www.parchionline.it\\\/blog\\\/#organization\"},\"image\":{\"@type\":\"ImageObject\",\"url\":\"https:\\\/\\\/www.parchionline.it\\\/blog\\\/wp-content\\\/uploads\\\/2024\\\/05\\\/Gardaland-Fantasy-Kingdom-di-sera.jpg\",\"width\":1200,\"height\":800},\"datePublished\":\"2024-05-29T12:12:12+02:00\",\"dateModified\":\"2026-01-05T14:57:49+01:00\",\"inLanguage\":\"it-IT\",\"mainEntityOfPage\":{\"@id\":\"https:\\\/\\\/www.parchionline.it\\\/blog\\\/apertura-estiva-di-gardaland-park-biglietto-serale-ed-eventi\\\/#webpage\"},\"isPartOf\":{\"@id\":\"https:\\\/\\\/www.parchionline.it\\\/blog\\\/apertura-estiva-di-gardaland-park-biglietto-serale-ed-eventi\\\/#webpage\"},\"articleSection\":\"Gardaland\"},{\"@type\":\"BreadcrumbList\",\"@id\":\"https:\\\/\\\/www.parchionline.it\\\/blog\\\/apertura-estiva-di-gardaland-park-biglietto-serale-ed-eventi\\\/#breadcrumblist\",\"itemListElement\":[{\"@type\":\"ListItem\",\"@id\":\"https:\\\/\\\/www.parchionline.it\\\/blog#listItem\",\"position\":1,\"name\":\"Home\",\"item\":\"https:\\\/\\\/www.parchionline.it\\\/blog\",\"nextItem\":{\"@type\":\"ListItem\",\"@id\":\"https:\\\/\\\/www.parchionline.it\\\/blog\\\/category\\\/gardaland\\\/#listItem\",\"name\":\"Gardaland\"}},{\"@type\":\"ListItem\",\"@id\":\"https:\\\/\\\/www.parchionline.it\\\/blog\\\/category\\\/gardaland\\\/#listItem\",\"position\":2,\"name\":\"Gardaland\",\"item\":\"https:\\\/\\\/www.parchionline.it\\\/blog\\\/category\\\/gardaland\\\/\",\"nextItem\":{\"@type\":\"ListItem\",\"@id\":\"https:\\\/\\\/www.parchionline.it\\\/blog\\\/apertura-estiva-di-gardaland-park-biglietto-serale-ed-eventi\\\/#listItem\",\"name\":\"Apertura estiva di Gardaland Park: Biglietto Serale ed Eventi\"},\"previousItem\":{\"@type\":\"ListItem\",\"@id\":\"https:\\\/\\\/www.parchionline.it\\\/blog#listItem\",\"name\":\"Home\"}},{\"@type\":\"ListItem\",\"@id\":\"https:\\\/\\\/www.parchionline.it\\\/blog\\\/apertura-estiva-di-gardaland-park-biglietto-serale-ed-eventi\\\/#listItem\",\"position\":3,\"name\":\"Apertura estiva di Gardaland Park: Biglietto Serale ed Eventi\",\"previousItem\":{\"@type\":\"ListItem\",\"@id\":\"https:\\\/\\\/www.parchionline.it\\\/blog\\\/category\\\/gardaland\\\/#listItem\",\"name\":\"Gardaland\"}}]},{\"@type\":\"Organization\",\"@id\":\"https:\\\/\\\/www.parchionline.it\\\/blog\\\/#organization\",\"name\":\"Blog by Parchionline.it\",\"description\":\"Eventi, news e offerte speciali per i parchi divertimenti italiani ed esteri\",\"url\":\"https:\\\/\\\/www.parchionline.it\\\/blog\\\/\",\"logo\":{\"@type\":\"ImageObject\",\"url\":\"https:\\\/\\\/www.parchionline.it\\\/blog\\\/wp-content\\\/uploads\\\/2016\\\/09\\\/cropped-parchionline-logo-396x70.png\",\"@id\":\"https:\\\/\\\/www.parchionline.it\\\/blog\\\/apertura-estiva-di-gardaland-park-biglietto-serale-ed-eventi\\\/#organizationLogo\",\"width\":401,\"height\":67},\"image\":{\"@id\":\"https:\\\/\\\/www.parchionline.it\\\/blog\\\/apertura-estiva-di-gardaland-park-biglietto-serale-ed-eventi\\\/#organizationLogo\"},\"sameAs\":[\"https:\\\/\\\/www.facebook.com\\\/parchionline.it\",\"https:\\\/\\\/www.instagram.com\\\/parchionline\\\/\",\"https:\\\/\\\/it.pinterest.com\\\/parchionline\\\/\",\"https:\\\/\\\/www.youtube.com\\\/channel\\\/UCXBhyBaZdkd0mekA5BJF8Ug\"]},{\"@type\":\"Person\",\"@id\":\"https:\\\/\\\/www.parchionline.it\\\/blog\\\/author\\\/idste\\\/#author\",\"url\":\"https:\\\/\\\/www.parchionline.it\\\/blog\\\/author\\\/idste\\\/\",\"name\":\"Stefano Ganio\",\"image\":{\"@type\":\"ImageObject\",\"@id\":\"https:\\\/\\\/www.parchionline.it\\\/blog\\\/apertura-estiva-di-gardaland-park-biglietto-serale-ed-eventi\\\/#authorImage\",\"url\":\"https:\\\/\\\/secure.gravatar.com\\\/avatar\\\/c479a1b7ac9e18ab199b0e8bc1901b176cbcfa99134c1e0092c6dfa0a877162b?s=96&d=mm&r=g\",\"width\":96,\"height\":96,\"caption\":\"Stefano Ganio\"}},{\"@type\":\"WebPage\",\"@id\":\"https:\\\/\\\/www.parchionline.it\\\/blog\\\/apertura-estiva-di-gardaland-park-biglietto-serale-ed-eventi\\\/#webpage\",\"url\":\"https:\\\/\\\/www.parchionline.it\\\/blog\\\/apertura-estiva-di-gardaland-park-biglietto-serale-ed-eventi\\\/\",\"name\":\"Apertura estiva di Gardaland Park: Biglietto Serale ed Eventi\",\"description\":\"Scopri la magia dell'apertura serale di Gardaland durante i mesi estivi: costo del biglietto serale a prezzi scontati e info su orari, periodo, date, eventi.\",\"inLanguage\":\"it-IT\",\"isPartOf\":{\"@id\":\"https:\\\/\\\/www.parchionline.it\\\/blog\\\/#website\"},\"breadcrumb\":{\"@id\":\"https:\\\/\\\/www.parchionline.it\\\/blog\\\/apertura-estiva-di-gardaland-park-biglietto-serale-ed-eventi\\\/#breadcrumblist\"},\"author\":{\"@id\":\"https:\\\/\\\/www.parchionline.it\\\/blog\\\/author\\\/idste\\\/#author\"},\"creator\":{\"@id\":\"https:\\\/\\\/www.parchionline.it\\\/blog\\\/author\\\/idste\\\/#author\"},\"image\":{\"@type\":\"ImageObject\",\"url\":\"https:\\\/\\\/www.parchionline.it\\\/blog\\\/wp-content\\\/uploads\\\/2024\\\/05\\\/Gardaland-Fantasy-Kingdom-di-sera.jpg\",\"@id\":\"https:\\\/\\\/www.parchionline.it\\\/blog\\\/apertura-estiva-di-gardaland-park-biglietto-serale-ed-eventi\\\/#mainImage\",\"width\":1200,\"height\":800},\"primaryImageOfPage\":{\"@id\":\"https:\\\/\\\/www.parchionline.it\\\/blog\\\/apertura-estiva-di-gardaland-park-biglietto-serale-ed-eventi\\\/#mainImage\"},\"datePublished\":\"2024-05-29T12:12:12+02:00\",\"dateModified\":\"2026-01-05T14:57:49+01:00\"},{\"@type\":\"WebSite\",\"@id\":\"https:\\\/\\\/www.parchionline.it\\\/blog\\\/#website\",\"url\":\"https:\\\/\\\/www.parchionline.it\\\/blog\\\/\",\"name\":\"Blog by Parchionline.it\",\"description\":\"Eventi, news e offerte speciali per i parchi divertimenti italiani ed esteri\",\"inLanguage\":\"it-IT\",\"publisher\":{\"@id\":\"https:\\\/\\\/www.parchionline.it\\\/blog\\\/#organization\"}}]}\n\t\t<\/script>\n\t\t<!-- All in One SEO -->\n\n","aioseo_head_json":{"title":"Apertura estiva di Gardaland Park: Biglietto Serale ed Eventi","description":"Scopri la magia dell'apertura serale di Gardaland durante i mesi estivi: costo del biglietto serale a prezzi scontati e info su orari, periodo, date, eventi.","canonical_url":"https:\/\/www.parchionline.it\/blog\/apertura-estiva-di-gardaland-park-biglietto-serale-ed-eventi\/","robots":"max-image-preview:large","keywords":"gardaland","webmasterTools":{"miscellaneous":""},"schema":{"@context":"https:\/\/schema.org","@graph":[{"@type":"Article","@id":"https:\/\/www.parchionline.it\/blog\/apertura-estiva-di-gardaland-park-biglietto-serale-ed-eventi\/#article","name":"Apertura estiva di Gardaland Park: Biglietto Serale ed Eventi","headline":"Apertura estiva di Gardaland Park: Biglietto Serale ed Eventi","author":{"@id":"https:\/\/www.parchionline.it\/blog\/author\/idste\/#author"},"publisher":{"@id":"https:\/\/www.parchionline.it\/blog\/#organization"},"image":{"@type":"ImageObject","url":"https:\/\/www.parchionline.it\/blog\/wp-content\/uploads\/2024\/05\/Gardaland-Fantasy-Kingdom-di-sera.jpg","width":1200,"height":800},"datePublished":"2024-05-29T12:12:12+02:00","dateModified":"2026-01-05T14:57:49+01:00","inLanguage":"it-IT","mainEntityOfPage":{"@id":"https:\/\/www.parchionline.it\/blog\/apertura-estiva-di-gardaland-park-biglietto-serale-ed-eventi\/#webpage"},"isPartOf":{"@id":"https:\/\/www.parchionline.it\/blog\/apertura-estiva-di-gardaland-park-biglietto-serale-ed-eventi\/#webpage"},"articleSection":"Gardaland"},{"@type":"BreadcrumbList","@id":"https:\/\/www.parchionline.it\/blog\/apertura-estiva-di-gardaland-park-biglietto-serale-ed-eventi\/#breadcrumblist","itemListElement":[{"@type":"ListItem","@id":"https:\/\/www.parchionline.it\/blog#listItem","position":1,"name":"Home","item":"https:\/\/www.parchionline.it\/blog","nextItem":{"@type":"ListItem","@id":"https:\/\/www.parchionline.it\/blog\/category\/gardaland\/#listItem","name":"Gardaland"}},{"@type":"ListItem","@id":"https:\/\/www.parchionline.it\/blog\/category\/gardaland\/#listItem","position":2,"name":"Gardaland","item":"https:\/\/www.parchionline.it\/blog\/category\/gardaland\/","nextItem":{"@type":"ListItem","@id":"https:\/\/www.parchionline.it\/blog\/apertura-estiva-di-gardaland-park-biglietto-serale-ed-eventi\/#listItem","name":"Apertura estiva di Gardaland Park: Biglietto Serale ed Eventi"},"previousItem":{"@type":"ListItem","@id":"https:\/\/www.parchionline.it\/blog#listItem","name":"Home"}},{"@type":"ListItem","@id":"https:\/\/www.parchionline.it\/blog\/apertura-estiva-di-gardaland-park-biglietto-serale-ed-eventi\/#listItem","position":3,"name":"Apertura estiva di Gardaland Park: Biglietto Serale ed Eventi","previousItem":{"@type":"ListItem","@id":"https:\/\/www.parchionline.it\/blog\/category\/gardaland\/#listItem","name":"Gardaland"}}]},{"@type":"Organization","@id":"https:\/\/www.parchionline.it\/blog\/#organization","name":"Blog by Parchionline.it","description":"Eventi, news e offerte speciali per i parchi divertimenti italiani ed esteri","url":"https:\/\/www.parchionline.it\/blog\/","logo":{"@type":"ImageObject","url":"https:\/\/www.parchionline.it\/blog\/wp-content\/uploads\/2016\/09\/cropped-parchionline-logo-396x70.png","@id":"https:\/\/www.parchionline.it\/blog\/apertura-estiva-di-gardaland-park-biglietto-serale-ed-eventi\/#organizationLogo","width":401,"height":67},"image":{"@id":"https:\/\/www.parchionline.it\/blog\/apertura-estiva-di-gardaland-park-biglietto-serale-ed-eventi\/#organizationLogo"},"sameAs":["https:\/\/www.facebook.com\/parchionline.it","https:\/\/www.instagram.com\/parchionline\/","https:\/\/it.pinterest.com\/parchionline\/","https:\/\/www.youtube.com\/channel\/UCXBhyBaZdkd0mekA5BJF8Ug"]},{"@type":"Person","@id":"https:\/\/www.parchionline.it\/blog\/author\/idste\/#author","url":"https:\/\/www.parchionline.it\/blog\/author\/idste\/","name":"Stefano Ganio","image":{"@type":"ImageObject","@id":"https:\/\/www.parchionline.it\/blog\/apertura-estiva-di-gardaland-park-biglietto-serale-ed-eventi\/#authorImage","url":"https:\/\/secure.gravatar.com\/avatar\/c479a1b7ac9e18ab199b0e8bc1901b176cbcfa99134c1e0092c6dfa0a877162b?s=96&d=mm&r=g","width":96,"height":96,"caption":"Stefano Ganio"}},{"@type":"WebPage","@id":"https:\/\/www.parchionline.it\/blog\/apertura-estiva-di-gardaland-park-biglietto-serale-ed-eventi\/#webpage","url":"https:\/\/www.parchionline.it\/blog\/apertura-estiva-di-gardaland-park-biglietto-serale-ed-eventi\/","name":"Apertura estiva di Gardaland Park: Biglietto Serale ed Eventi","description":"Scopri la magia dell'apertura serale di Gardaland durante i mesi estivi: costo del biglietto serale a prezzi scontati e info su orari, periodo, date, eventi.","inLanguage":"it-IT","isPartOf":{"@id":"https:\/\/www.parchionline.it\/blog\/#website"},"breadcrumb":{"@id":"https:\/\/www.parchionline.it\/blog\/apertura-estiva-di-gardaland-park-biglietto-serale-ed-eventi\/#breadcrumblist"},"author":{"@id":"https:\/\/www.parchionline.it\/blog\/author\/idste\/#author"},"creator":{"@id":"https:\/\/www.parchionline.it\/blog\/author\/idste\/#author"},"image":{"@type":"ImageObject","url":"https:\/\/www.parchionline.it\/blog\/wp-content\/uploads\/2024\/05\/Gardaland-Fantasy-Kingdom-di-sera.jpg","@id":"https:\/\/www.parchionline.it\/blog\/apertura-estiva-di-gardaland-park-biglietto-serale-ed-eventi\/#mainImage","width":1200,"height":800},"primaryImageOfPage":{"@id":"https:\/\/www.parchionline.it\/blog\/apertura-estiva-di-gardaland-park-biglietto-serale-ed-eventi\/#mainImage"},"datePublished":"2024-05-29T12:12:12+02:00","dateModified":"2026-01-05T14:57:49+01:00"},{"@type":"WebSite","@id":"https:\/\/www.parchionline.it\/blog\/#website","url":"https:\/\/www.parchionline.it\/blog\/","name":"Blog by Parchionline.it","description":"Eventi, news e offerte speciali per i parchi divertimenti italiani ed esteri","inLanguage":"it-IT","publisher":{"@id":"https:\/\/www.parchionline.it\/blog\/#organization"}}]},"og:locale":"it_IT","og:site_name":"Blog by Parchionline.it | Eventi, news e offerte speciali per i parchi divertimenti italiani ed esteri","og:type":"article","og:title":"Apertura estiva di Gardaland Park: Biglietto Serale ed Eventi","og:description":"Scopri la magia dell'apertura serale di Gardaland durante i mesi estivi: costo del biglietto serale a prezzi scontati e info su orari, periodo, date, eventi.","og:url":"https:\/\/www.parchionline.it\/blog\/apertura-estiva-di-gardaland-park-biglietto-serale-ed-eventi\/","og:image":"https:\/\/www.parchionline.it\/blog\/wp-content\/uploads\/2016\/09\/cropped-parchionline-logo-396x70.png","og:image:secure_url":"https:\/\/www.parchionline.it\/blog\/wp-content\/uploads\/2016\/09\/cropped-parchionline-logo-396x70.png","article:published_time":"2024-05-29T10:12:12+00:00","article:modified_time":"2026-01-05T13:57:49+00:00","article:publisher":"https:\/\/www.facebook.com\/parchionline.it","twitter:card":"summary","twitter:title":"Apertura estiva di Gardaland Park: Biglietto Serale ed Eventi","twitter:description":"Scopri la magia dell'apertura serale di Gardaland durante i mesi estivi: costo del biglietto serale a prezzi scontati e info su orari, periodo, date, eventi.","twitter:image":"https:\/\/www.parchionline.it\/blog\/wp-content\/uploads\/2016\/09\/cropped-parchionline-logo-396x70.png"},"aioseo_meta_data":{"post_id":"7162","title":"#post_title","description":"#post_excerpt","keywords":null,"keyphrases":{"focus":{"keyphrase":"","score":0,"analysis":{"keyphraseInTitle":{"score":0,"maxScore":9,"error":1}}},"additional":[]},"primary_term":null,"canonical_url":null,"og_title":null,"og_description":null,"og_object_type":"default","og_image_type":"default","og_image_url":null,"og_image_width":null,"og_image_height":null,"og_image_custom_url":null,"og_image_custom_fields":null,"og_video":"","og_custom_url":null,"og_article_section":null,"og_article_tags":null,"twitter_use_og":false,"twitter_card":"default","twitter_image_type":"default","twitter_image_url":null,"twitter_image_custom_url":null,"twitter_image_custom_fields":null,"twitter_title":null,"twitter_description":null,"schema":{"blockGraphs":[],"customGraphs":[],"default":{"data":{"Article":[],"Course":[],"Dataset":[],"FAQPage":[],"Movie":[],"Person":[],"Product":[],"ProductReview":[],"Car":[],"Recipe":[],"Service":[],"SoftwareApplication":[],"WebPage":[]},"graphName":"Article","isEnabled":true},"graphs":[]},"schema_type":"default","schema_type_options":null,"pillar_content":false,"robots_default":true,"robots_noindex":false,"robots_noarchive":false,"robots_nosnippet":false,"robots_nofollow":false,"robots_noimageindex":false,"robots_noodp":false,"robots_notranslate":false,"robots_max_snippet":"-1","robots_max_videopreview":"-1","robots_max_imagepreview":"large","priority":null,"frequency":"default","location":null,"local_seo":null,"breadcrumb_settings":null,"limit_modified_date":false,"ai":{"faqs":[],"keyPoints":[],"titles":[],"descriptions":[],"socialPosts":{"email":[],"linkedin":[],"twitter":[],"facebook":[],"instagram":[]}},"created":"2024-05-29 09:49:38","updated":"2026-01-05 13:57:49","seo_analyzer_scan_date":null},"amp_enabled":true,"_links":{"self":[{"href":"https:\/\/www.parchionline.it\/blog\/wp-json\/wp\/v2\/posts\/7162","targetHints":{"allow":["GET"]}}],"collection":[{"href":"https:\/\/www.parchionline.it\/blog\/wp-json\/wp\/v2\/posts"}],"about":[{"href":"https:\/\/www.parchionline.it\/blog\/wp-json\/wp\/v2\/types\/post"}],"author":[{"embeddable":true,"href":"https:\/\/www.parchionline.it\/blog\/wp-json\/wp\/v2\/users\/1"}],"replies":[{"embeddable":true,"href":"https:\/\/www.parchionline.it\/blog\/wp-json\/wp\/v2\/comments?post=7162"}],"version-history":[{"count":4,"href":"https:\/\/www.parchionline.it\/blog\/wp-json\/wp\/v2\/posts\/7162\/revisions"}],"predecessor-version":[{"id":8526,"href":"https:\/\/www.parchionline.it\/blog\/wp-json\/wp\/v2\/posts\/7162\/revisions\/8526"}],"wp:featuredmedia":[{"embeddable":true,"href":"https:\/\/www.parchionline.it\/blog\/wp-json\/wp\/v2\/media\/7163"}],"wp:attachment":[{"href":"https:\/\/www.parchionline.it\/blog\/wp-json\/wp\/v2\/media?parent=7162"}],"wp:term":[{"taxonomy":"category","embeddable":true,"href":"https:\/\/www.parchionline.it\/blog\/wp-json\/wp\/v2\/categories?post=7162"},{"taxonomy":"post_tag","embeddable":true,"href":"https:\/\/www.parchionline.it\/blog\/wp-json\/wp\/v2\/tags?post=7162"}],"curies":[{"name":"wp","href":"https:\/\/api.w.org\/{rel}","templated":true}]}}