{"id":7898,"date":"2025-01-22T09:38:07","date_gmt":"2025-01-22T08:38:07","guid":{"rendered":"https:\/\/www.parchionline.it\/blog\/?p=7898"},"modified":"2025-01-22T09:38:08","modified_gmt":"2025-01-22T08:38:08","slug":"stefano-cigarini-e-il-nuovo-ad-di-gardaland","status":"publish","type":"post","link":"https:\/\/www.parchionline.it\/blog\/stefano-cigarini-e-il-nuovo-ad-di-gardaland\/","title":{"rendered":"Stefano Cigarini \u00e8 il nuovo AD di Gardaland"},"content":{"rendered":"\n<figure class=\"wp-block-image size-large\"><img loading=\"lazy\" decoding=\"async\" width=\"1024\" height=\"683\" src=\"https:\/\/www.parchionline.it\/blog\/wp-content\/uploads\/2025\/01\/Stefano-Cigarini_Gardaland-1024x683.jpg\" alt=\"Stefano Cigarini, nuovo amministratore delegato di Gardaland Resort\" class=\"wp-image-7899\" srcset=\"https:\/\/www.parchionline.it\/blog\/wp-content\/uploads\/2025\/01\/Stefano-Cigarini_Gardaland-1024x683.jpg 1024w, https:\/\/www.parchionline.it\/blog\/wp-content\/uploads\/2025\/01\/Stefano-Cigarini_Gardaland-300x200.jpg 300w, https:\/\/www.parchionline.it\/blog\/wp-content\/uploads\/2025\/01\/Stefano-Cigarini_Gardaland-930x620.jpg 930w, https:\/\/www.parchionline.it\/blog\/wp-content\/uploads\/2025\/01\/Stefano-Cigarini_Gardaland.jpg 1200w\" sizes=\"auto, (max-width: 1024px) 100vw, 1024px\" \/><figcaption class=\"wp-element-caption\"><em>Stefano Cigarini<\/em><\/figcaption><\/figure>\n\n\n\n<p class=\"wp-block-paragraph\">Siamo lieti di annunciare che <strong>Stefano Cigarini entrer\u00e0 a far parte di Merlin Entertainments<\/strong> <strong>dal 1\u00b0 marzo 2025 <\/strong>in qualit\u00e0 di <strong>Divisional Director Merlin per <a href=\"https:\/\/www.parchionline.it\/gardaland.php\" title=\"\">Gardaland<\/a> ricoprendo anche il ruolo di Amministratore Delegato del Resort. <\/strong>Cigarini porta con s\u00e9 una vasta esperienza come Amministratore Delegato del parco <a href=\"https:\/\/www.parchionline.it\/cinecitta-world.php\" title=\"\">Cinecitt\u00e0 World<\/a> e Senior Vice President Entertainment and Events di Ferrari, alla guida di eventi mondiali, esperienze di marca, parchi a tema e musei della casa italiana di auto sportive di lusso.<\/p>\n\n\n\n<p class=\"wp-block-paragraph\">In precedenza, Stefano Cigarini ha diretto e sviluppato parchi di divertimento in Italia, Europa, Emirati Arabi, Russia e operato come Direttore Marketing per Universal Studios e Sony BMG Music Company prima di assumere nel 2001 il ruolo di Amministratore Delegato di Cinecitt\u00e0 Entertainment, la societ\u00e0 di sviluppo degli storici Studios cinematografici e televisivi di Roma.<\/p>\n\n\n\n<p class=\"wp-block-paragraph\">Nel 2008 Cigarini \u00e8 diventato Amministratore Delegato di <a href=\"https:\/\/www.parchionline.it\/zoomarine.php\" title=\"\">Zoomarine<\/a> e nel 2011 ha assunto lo stesso ruolo a <a href=\"https:\/\/www.parchionline.it\/magicland.php\" title=\"\">MagicLand<\/a>. Nel 2016 \u00e8 approdato a Cinecitt\u00e0 World, rilanciandolo con successo tanto da farlo diventare il quarto parco divertimenti italiano. Cigarini \u00e8 un leader stimato nel business dell\u2019entertainment e dei parchi tematici e porta a Gardaland Resort un\u2019esperienza di grande valore.<\/p>\n\n\n\n<p class=\"wp-block-paragraph\">Ha conseguito una laurea in Musica e Spettacolo presso l&#8217;Universit\u00e0 di Bologna ed un Master in Marketing e Comunicazione presso Mediaset.<\/p>\n\n\n\n<p class=\"wp-block-paragraph\">Siamo felici di dare il benvenuto a Stefano nel nostro team, in occasione del 50\u00b0 anniversario del parco, certi che il suo contributo sar\u00e0 prezioso, e ringraziamo <strong>Sabrina de Carvalho<\/strong> per gli ottimi risultati come AD di Gardaland augurandole ulteriori successi nel suo nuovo ruolo come Regional Managing Director UK nel gruppo Merlin.<\/p>\n\n\n\n<p class=\"wp-block-paragraph\">[Comunicato Stampa: Gardaland Resort]<\/p>\n","protected":false},"excerpt":{"rendered":"<p>Stefano Cigarini \u00e8 il nuovo Divisional Director Merlin per Gardaland ricoprendo anche il ruolo di Amministratore Delegato del Resort.<\/p>\n","protected":false},"author":1,"featured_media":7899,"comment_status":"closed","ping_status":"open","sticky":false,"template":"","format":"standard","meta":{"neve_meta_sidebar":"","neve_meta_container":"","neve_meta_enable_content_width":"","neve_meta_content_width":0,"neve_meta_title_alignment":"","neve_meta_author_avatar":"","neve_post_elements_order":"","neve_meta_disable_header":"","neve_meta_disable_footer":"","neve_meta_disable_title":"","footnotes":""},"categories":[54],"tags":[],"class_list":["post-7898","post","type-post","status-publish","format-standard","has-post-thumbnail","hentry","category-gardaland"],"aioseo_notices":[],"aioseo_head":"\n\t\t<!-- All in One SEO 4.9.10 - aioseo.com -->\n\t<meta name=\"description\" content=\"Stefano Cigarini \u00e8 il nuovo Divisional Director Merlin per Gardaland ricoprendo anche il ruolo di Amministratore Delegato del Resort.\" \/>\n\t<meta name=\"robots\" content=\"max-image-preview:large\" \/>\n\t<meta name=\"author\" content=\"Stefano Ganio\"\/>\n\t<meta name=\"keywords\" content=\"gardaland\" \/>\n\t<meta name=\"generator\" content=\"All in One SEO (AIOSEO) 4.9.10\" \/>\n\t\t<meta property=\"og:locale\" content=\"it_IT\" \/>\n\t\t<meta property=\"og:site_name\" content=\"Blog by Parchionline.it | Eventi, news e offerte speciali per i parchi divertimenti italiani ed esteri\" \/>\n\t\t<meta property=\"og:type\" content=\"article\" \/>\n\t\t<meta property=\"og:title\" content=\"Stefano Cigarini \u00e8 il nuovo AD di Gardaland\" \/>\n\t\t<meta property=\"og:description\" content=\"Stefano Cigarini \u00e8 il nuovo Divisional Director Merlin per Gardaland ricoprendo anche il ruolo di Amministratore Delegato del Resort.\" \/>\n\t\t<meta property=\"og:url\" content=\"https:\/\/www.parchionline.it\/blog\/stefano-cigarini-e-il-nuovo-ad-di-gardaland\/\" \/>\n\t\t<meta property=\"og:image\" content=\"https:\/\/www.parchionline.it\/blog\/wp-content\/uploads\/2016\/09\/cropped-parchionline-logo-396x70.png\" \/>\n\t\t<meta property=\"og:image:secure_url\" content=\"https:\/\/www.parchionline.it\/blog\/wp-content\/uploads\/2016\/09\/cropped-parchionline-logo-396x70.png\" \/>\n\t\t<meta property=\"article:published_time\" content=\"2025-01-22T08:38:07+00:00\" \/>\n\t\t<meta property=\"article:modified_time\" content=\"2025-01-22T08:38:08+00:00\" \/>\n\t\t<meta property=\"article:publisher\" content=\"https:\/\/www.facebook.com\/parchionline.it\" \/>\n\t\t<meta name=\"twitter:card\" content=\"summary\" \/>\n\t\t<meta name=\"twitter:title\" content=\"Stefano Cigarini \u00e8 il nuovo AD di Gardaland\" \/>\n\t\t<meta name=\"twitter:description\" content=\"Stefano Cigarini \u00e8 il nuovo Divisional Director Merlin per Gardaland ricoprendo anche il ruolo di Amministratore Delegato del Resort.\" \/>\n\t\t<meta name=\"twitter:image\" content=\"https:\/\/www.parchionline.it\/blog\/wp-content\/uploads\/2016\/09\/cropped-parchionline-logo-396x70.png\" \/>\n\t\t<script type=\"application\/ld+json\" class=\"aioseo-schema\">\n\t\t\t{\"@context\":\"https:\\\/\\\/schema.org\",\"@graph\":[{\"@type\":\"Article\",\"@id\":\"https:\\\/\\\/www.parchionline.it\\\/blog\\\/stefano-cigarini-e-il-nuovo-ad-di-gardaland\\\/#article\",\"name\":\"Stefano Cigarini \\u00e8 il nuovo AD di Gardaland\",\"headline\":\"Stefano Cigarini \\u00e8 il nuovo AD di Gardaland\",\"author\":{\"@id\":\"https:\\\/\\\/www.parchionline.it\\\/blog\\\/author\\\/idste\\\/#author\"},\"publisher\":{\"@id\":\"https:\\\/\\\/www.parchionline.it\\\/blog\\\/#organization\"},\"image\":{\"@type\":\"ImageObject\",\"url\":\"https:\\\/\\\/www.parchionline.it\\\/blog\\\/wp-content\\\/uploads\\\/2025\\\/01\\\/Stefano-Cigarini_Gardaland.jpg\",\"width\":1200,\"height\":800},\"datePublished\":\"2025-01-22T09:38:07+01:00\",\"dateModified\":\"2025-01-22T09:38:08+01:00\",\"inLanguage\":\"it-IT\",\"mainEntityOfPage\":{\"@id\":\"https:\\\/\\\/www.parchionline.it\\\/blog\\\/stefano-cigarini-e-il-nuovo-ad-di-gardaland\\\/#webpage\"},\"isPartOf\":{\"@id\":\"https:\\\/\\\/www.parchionline.it\\\/blog\\\/stefano-cigarini-e-il-nuovo-ad-di-gardaland\\\/#webpage\"},\"articleSection\":\"Gardaland\"},{\"@type\":\"BreadcrumbList\",\"@id\":\"https:\\\/\\\/www.parchionline.it\\\/blog\\\/stefano-cigarini-e-il-nuovo-ad-di-gardaland\\\/#breadcrumblist\",\"itemListElement\":[{\"@type\":\"ListItem\",\"@id\":\"https:\\\/\\\/www.parchionline.it\\\/blog#listItem\",\"position\":1,\"name\":\"Home\",\"item\":\"https:\\\/\\\/www.parchionline.it\\\/blog\",\"nextItem\":{\"@type\":\"ListItem\",\"@id\":\"https:\\\/\\\/www.parchionline.it\\\/blog\\\/category\\\/gardaland\\\/#listItem\",\"name\":\"Gardaland\"}},{\"@type\":\"ListItem\",\"@id\":\"https:\\\/\\\/www.parchionline.it\\\/blog\\\/category\\\/gardaland\\\/#listItem\",\"position\":2,\"name\":\"Gardaland\",\"item\":\"https:\\\/\\\/www.parchionline.it\\\/blog\\\/category\\\/gardaland\\\/\",\"nextItem\":{\"@type\":\"ListItem\",\"@id\":\"https:\\\/\\\/www.parchionline.it\\\/blog\\\/stefano-cigarini-e-il-nuovo-ad-di-gardaland\\\/#listItem\",\"name\":\"Stefano Cigarini \\u00e8 il nuovo AD di Gardaland\"},\"previousItem\":{\"@type\":\"ListItem\",\"@id\":\"https:\\\/\\\/www.parchionline.it\\\/blog#listItem\",\"name\":\"Home\"}},{\"@type\":\"ListItem\",\"@id\":\"https:\\\/\\\/www.parchionline.it\\\/blog\\\/stefano-cigarini-e-il-nuovo-ad-di-gardaland\\\/#listItem\",\"position\":3,\"name\":\"Stefano Cigarini \\u00e8 il nuovo AD di Gardaland\",\"previousItem\":{\"@type\":\"ListItem\",\"@id\":\"https:\\\/\\\/www.parchionline.it\\\/blog\\\/category\\\/gardaland\\\/#listItem\",\"name\":\"Gardaland\"}}]},{\"@type\":\"Organization\",\"@id\":\"https:\\\/\\\/www.parchionline.it\\\/blog\\\/#organization\",\"name\":\"Blog by Parchionline.it\",\"description\":\"Eventi, news e offerte speciali per i parchi divertimenti italiani ed esteri\",\"url\":\"https:\\\/\\\/www.parchionline.it\\\/blog\\\/\",\"logo\":{\"@type\":\"ImageObject\",\"url\":\"https:\\\/\\\/www.parchionline.it\\\/blog\\\/wp-content\\\/uploads\\\/2016\\\/09\\\/cropped-parchionline-logo-396x70.png\",\"@id\":\"https:\\\/\\\/www.parchionline.it\\\/blog\\\/stefano-cigarini-e-il-nuovo-ad-di-gardaland\\\/#organizationLogo\",\"width\":401,\"height\":67},\"image\":{\"@id\":\"https:\\\/\\\/www.parchionline.it\\\/blog\\\/stefano-cigarini-e-il-nuovo-ad-di-gardaland\\\/#organizationLogo\"},\"sameAs\":[\"https:\\\/\\\/www.facebook.com\\\/parchionline.it\",\"https:\\\/\\\/www.instagram.com\\\/parchionline\\\/\",\"https:\\\/\\\/it.pinterest.com\\\/parchionline\\\/\",\"https:\\\/\\\/www.youtube.com\\\/channel\\\/UCXBhyBaZdkd0mekA5BJF8Ug\"]},{\"@type\":\"Person\",\"@id\":\"https:\\\/\\\/www.parchionline.it\\\/blog\\\/author\\\/idste\\\/#author\",\"url\":\"https:\\\/\\\/www.parchionline.it\\\/blog\\\/author\\\/idste\\\/\",\"name\":\"Stefano Ganio\",\"image\":{\"@type\":\"ImageObject\",\"@id\":\"https:\\\/\\\/www.parchionline.it\\\/blog\\\/stefano-cigarini-e-il-nuovo-ad-di-gardaland\\\/#authorImage\",\"url\":\"https:\\\/\\\/secure.gravatar.com\\\/avatar\\\/c479a1b7ac9e18ab199b0e8bc1901b176cbcfa99134c1e0092c6dfa0a877162b?s=96&d=mm&r=g\",\"width\":96,\"height\":96,\"caption\":\"Stefano Ganio\"}},{\"@type\":\"WebPage\",\"@id\":\"https:\\\/\\\/www.parchionline.it\\\/blog\\\/stefano-cigarini-e-il-nuovo-ad-di-gardaland\\\/#webpage\",\"url\":\"https:\\\/\\\/www.parchionline.it\\\/blog\\\/stefano-cigarini-e-il-nuovo-ad-di-gardaland\\\/\",\"name\":\"Stefano Cigarini \\u00e8 il nuovo AD di Gardaland\",\"description\":\"Stefano Cigarini \\u00e8 il nuovo Divisional Director Merlin per Gardaland ricoprendo anche il ruolo di Amministratore Delegato del Resort.\",\"inLanguage\":\"it-IT\",\"isPartOf\":{\"@id\":\"https:\\\/\\\/www.parchionline.it\\\/blog\\\/#website\"},\"breadcrumb\":{\"@id\":\"https:\\\/\\\/www.parchionline.it\\\/blog\\\/stefano-cigarini-e-il-nuovo-ad-di-gardaland\\\/#breadcrumblist\"},\"author\":{\"@id\":\"https:\\\/\\\/www.parchionline.it\\\/blog\\\/author\\\/idste\\\/#author\"},\"creator\":{\"@id\":\"https:\\\/\\\/www.parchionline.it\\\/blog\\\/author\\\/idste\\\/#author\"},\"image\":{\"@type\":\"ImageObject\",\"url\":\"https:\\\/\\\/www.parchionline.it\\\/blog\\\/wp-content\\\/uploads\\\/2025\\\/01\\\/Stefano-Cigarini_Gardaland.jpg\",\"@id\":\"https:\\\/\\\/www.parchionline.it\\\/blog\\\/stefano-cigarini-e-il-nuovo-ad-di-gardaland\\\/#mainImage\",\"width\":1200,\"height\":800},\"primaryImageOfPage\":{\"@id\":\"https:\\\/\\\/www.parchionline.it\\\/blog\\\/stefano-cigarini-e-il-nuovo-ad-di-gardaland\\\/#mainImage\"},\"datePublished\":\"2025-01-22T09:38:07+01:00\",\"dateModified\":\"2025-01-22T09:38:08+01:00\"},{\"@type\":\"WebSite\",\"@id\":\"https:\\\/\\\/www.parchionline.it\\\/blog\\\/#website\",\"url\":\"https:\\\/\\\/www.parchionline.it\\\/blog\\\/\",\"name\":\"Blog by Parchionline.it\",\"description\":\"Eventi, news e offerte speciali per i parchi divertimenti italiani ed esteri\",\"inLanguage\":\"it-IT\",\"publisher\":{\"@id\":\"https:\\\/\\\/www.parchionline.it\\\/blog\\\/#organization\"}}]}\n\t\t<\/script>\n\t\t<!-- All in One SEO -->\n\n","aioseo_head_json":{"title":"Stefano Cigarini \u00e8 il nuovo AD di Gardaland","description":"Stefano Cigarini \u00e8 il nuovo Divisional Director Merlin per Gardaland ricoprendo anche il ruolo di Amministratore Delegato del Resort.","canonical_url":"https:\/\/www.parchionline.it\/blog\/stefano-cigarini-e-il-nuovo-ad-di-gardaland\/","robots":"max-image-preview:large","keywords":"gardaland","webmasterTools":{"miscellaneous":""},"schema":{"@context":"https:\/\/schema.org","@graph":[{"@type":"Article","@id":"https:\/\/www.parchionline.it\/blog\/stefano-cigarini-e-il-nuovo-ad-di-gardaland\/#article","name":"Stefano Cigarini \u00e8 il nuovo AD di Gardaland","headline":"Stefano Cigarini \u00e8 il nuovo AD di Gardaland","author":{"@id":"https:\/\/www.parchionline.it\/blog\/author\/idste\/#author"},"publisher":{"@id":"https:\/\/www.parchionline.it\/blog\/#organization"},"image":{"@type":"ImageObject","url":"https:\/\/www.parchionline.it\/blog\/wp-content\/uploads\/2025\/01\/Stefano-Cigarini_Gardaland.jpg","width":1200,"height":800},"datePublished":"2025-01-22T09:38:07+01:00","dateModified":"2025-01-22T09:38:08+01:00","inLanguage":"it-IT","mainEntityOfPage":{"@id":"https:\/\/www.parchionline.it\/blog\/stefano-cigarini-e-il-nuovo-ad-di-gardaland\/#webpage"},"isPartOf":{"@id":"https:\/\/www.parchionline.it\/blog\/stefano-cigarini-e-il-nuovo-ad-di-gardaland\/#webpage"},"articleSection":"Gardaland"},{"@type":"BreadcrumbList","@id":"https:\/\/www.parchionline.it\/blog\/stefano-cigarini-e-il-nuovo-ad-di-gardaland\/#breadcrumblist","itemListElement":[{"@type":"ListItem","@id":"https:\/\/www.parchionline.it\/blog#listItem","position":1,"name":"Home","item":"https:\/\/www.parchionline.it\/blog","nextItem":{"@type":"ListItem","@id":"https:\/\/www.parchionline.it\/blog\/category\/gardaland\/#listItem","name":"Gardaland"}},{"@type":"ListItem","@id":"https:\/\/www.parchionline.it\/blog\/category\/gardaland\/#listItem","position":2,"name":"Gardaland","item":"https:\/\/www.parchionline.it\/blog\/category\/gardaland\/","nextItem":{"@type":"ListItem","@id":"https:\/\/www.parchionline.it\/blog\/stefano-cigarini-e-il-nuovo-ad-di-gardaland\/#listItem","name":"Stefano Cigarini \u00e8 il nuovo AD di Gardaland"},"previousItem":{"@type":"ListItem","@id":"https:\/\/www.parchionline.it\/blog#listItem","name":"Home"}},{"@type":"ListItem","@id":"https:\/\/www.parchionline.it\/blog\/stefano-cigarini-e-il-nuovo-ad-di-gardaland\/#listItem","position":3,"name":"Stefano Cigarini \u00e8 il nuovo AD di Gardaland","previousItem":{"@type":"ListItem","@id":"https:\/\/www.parchionline.it\/blog\/category\/gardaland\/#listItem","name":"Gardaland"}}]},{"@type":"Organization","@id":"https:\/\/www.parchionline.it\/blog\/#organization","name":"Blog by Parchionline.it","description":"Eventi, news e offerte speciali per i parchi divertimenti italiani ed esteri","url":"https:\/\/www.parchionline.it\/blog\/","logo":{"@type":"ImageObject","url":"https:\/\/www.parchionline.it\/blog\/wp-content\/uploads\/2016\/09\/cropped-parchionline-logo-396x70.png","@id":"https:\/\/www.parchionline.it\/blog\/stefano-cigarini-e-il-nuovo-ad-di-gardaland\/#organizationLogo","width":401,"height":67},"image":{"@id":"https:\/\/www.parchionline.it\/blog\/stefano-cigarini-e-il-nuovo-ad-di-gardaland\/#organizationLogo"},"sameAs":["https:\/\/www.facebook.com\/parchionline.it","https:\/\/www.instagram.com\/parchionline\/","https:\/\/it.pinterest.com\/parchionline\/","https:\/\/www.youtube.com\/channel\/UCXBhyBaZdkd0mekA5BJF8Ug"]},{"@type":"Person","@id":"https:\/\/www.parchionline.it\/blog\/author\/idste\/#author","url":"https:\/\/www.parchionline.it\/blog\/author\/idste\/","name":"Stefano Ganio","image":{"@type":"ImageObject","@id":"https:\/\/www.parchionline.it\/blog\/stefano-cigarini-e-il-nuovo-ad-di-gardaland\/#authorImage","url":"https:\/\/secure.gravatar.com\/avatar\/c479a1b7ac9e18ab199b0e8bc1901b176cbcfa99134c1e0092c6dfa0a877162b?s=96&d=mm&r=g","width":96,"height":96,"caption":"Stefano Ganio"}},{"@type":"WebPage","@id":"https:\/\/www.parchionline.it\/blog\/stefano-cigarini-e-il-nuovo-ad-di-gardaland\/#webpage","url":"https:\/\/www.parchionline.it\/blog\/stefano-cigarini-e-il-nuovo-ad-di-gardaland\/","name":"Stefano Cigarini \u00e8 il nuovo AD di Gardaland","description":"Stefano Cigarini \u00e8 il nuovo Divisional Director Merlin per Gardaland ricoprendo anche il ruolo di Amministratore Delegato del Resort.","inLanguage":"it-IT","isPartOf":{"@id":"https:\/\/www.parchionline.it\/blog\/#website"},"breadcrumb":{"@id":"https:\/\/www.parchionline.it\/blog\/stefano-cigarini-e-il-nuovo-ad-di-gardaland\/#breadcrumblist"},"author":{"@id":"https:\/\/www.parchionline.it\/blog\/author\/idste\/#author"},"creator":{"@id":"https:\/\/www.parchionline.it\/blog\/author\/idste\/#author"},"image":{"@type":"ImageObject","url":"https:\/\/www.parchionline.it\/blog\/wp-content\/uploads\/2025\/01\/Stefano-Cigarini_Gardaland.jpg","@id":"https:\/\/www.parchionline.it\/blog\/stefano-cigarini-e-il-nuovo-ad-di-gardaland\/#mainImage","width":1200,"height":800},"primaryImageOfPage":{"@id":"https:\/\/www.parchionline.it\/blog\/stefano-cigarini-e-il-nuovo-ad-di-gardaland\/#mainImage"},"datePublished":"2025-01-22T09:38:07+01:00","dateModified":"2025-01-22T09:38:08+01:00"},{"@type":"WebSite","@id":"https:\/\/www.parchionline.it\/blog\/#website","url":"https:\/\/www.parchionline.it\/blog\/","name":"Blog by Parchionline.it","description":"Eventi, news e offerte speciali per i parchi divertimenti italiani ed esteri","inLanguage":"it-IT","publisher":{"@id":"https:\/\/www.parchionline.it\/blog\/#organization"}}]},"og:locale":"it_IT","og:site_name":"Blog by Parchionline.it | Eventi, news e offerte speciali per i parchi divertimenti italiani ed esteri","og:type":"article","og:title":"Stefano Cigarini \u00e8 il nuovo AD di Gardaland","og:description":"Stefano Cigarini \u00e8 il nuovo Divisional Director Merlin per Gardaland ricoprendo anche il ruolo di Amministratore Delegato del Resort.","og:url":"https:\/\/www.parchionline.it\/blog\/stefano-cigarini-e-il-nuovo-ad-di-gardaland\/","og:image":"https:\/\/www.parchionline.it\/blog\/wp-content\/uploads\/2016\/09\/cropped-parchionline-logo-396x70.png","og:image:secure_url":"https:\/\/www.parchionline.it\/blog\/wp-content\/uploads\/2016\/09\/cropped-parchionline-logo-396x70.png","article:published_time":"2025-01-22T08:38:07+00:00","article:modified_time":"2025-01-22T08:38:08+00:00","article:publisher":"https:\/\/www.facebook.com\/parchionline.it","twitter:card":"summary","twitter:title":"Stefano Cigarini \u00e8 il nuovo AD di Gardaland","twitter:description":"Stefano Cigarini \u00e8 il nuovo Divisional Director Merlin per Gardaland ricoprendo anche il ruolo di Amministratore Delegato del Resort.","twitter:image":"https:\/\/www.parchionline.it\/blog\/wp-content\/uploads\/2016\/09\/cropped-parchionline-logo-396x70.png"},"aioseo_meta_data":{"post_id":"7898","title":"#post_title","description":"#post_excerpt","keywords":null,"keyphrases":{"focus":{"keyphrase":"","score":0,"analysis":{"keyphraseInTitle":{"score":0,"maxScore":9,"error":1}}},"additional":[]},"primary_term":null,"canonical_url":null,"og_title":null,"og_description":null,"og_object_type":"default","og_image_type":"default","og_image_url":null,"og_image_width":null,"og_image_height":null,"og_image_custom_url":null,"og_image_custom_fields":null,"og_video":"","og_custom_url":null,"og_article_section":null,"og_article_tags":null,"twitter_use_og":false,"twitter_card":"default","twitter_image_type":"default","twitter_image_url":null,"twitter_image_custom_url":null,"twitter_image_custom_fields":null,"twitter_title":null,"twitter_description":null,"schema":{"blockGraphs":[],"customGraphs":[],"default":{"data":{"Article":[],"Course":[],"Dataset":[],"FAQPage":[],"Movie":[],"Person":[],"Product":[],"ProductReview":[],"Car":[],"Recipe":[],"Service":[],"SoftwareApplication":[],"WebPage":[]},"graphName":"Article","isEnabled":true},"graphs":[]},"schema_type":"default","schema_type_options":null,"pillar_content":false,"robots_default":true,"robots_noindex":false,"robots_noarchive":false,"robots_nosnippet":false,"robots_nofollow":false,"robots_noimageindex":false,"robots_noodp":false,"robots_notranslate":false,"robots_max_snippet":"-1","robots_max_videopreview":"-1","robots_max_imagepreview":"large","priority":null,"frequency":"default","location":null,"local_seo":null,"breadcrumb_settings":null,"limit_modified_date":false,"ai":null,"created":"2025-01-22 08:31:12","updated":"2025-06-20 19:00:32","seo_analyzer_scan_date":null},"amp_enabled":true,"_links":{"self":[{"href":"https:\/\/www.parchionline.it\/blog\/wp-json\/wp\/v2\/posts\/7898","targetHints":{"allow":["GET"]}}],"collection":[{"href":"https:\/\/www.parchionline.it\/blog\/wp-json\/wp\/v2\/posts"}],"about":[{"href":"https:\/\/www.parchionline.it\/blog\/wp-json\/wp\/v2\/types\/post"}],"author":[{"embeddable":true,"href":"https:\/\/www.parchionline.it\/blog\/wp-json\/wp\/v2\/users\/1"}],"replies":[{"embeddable":true,"href":"https:\/\/www.parchionline.it\/blog\/wp-json\/wp\/v2\/comments?post=7898"}],"version-history":[{"count":2,"href":"https:\/\/www.parchionline.it\/blog\/wp-json\/wp\/v2\/posts\/7898\/revisions"}],"predecessor-version":[{"id":7902,"href":"https:\/\/www.parchionline.it\/blog\/wp-json\/wp\/v2\/posts\/7898\/revisions\/7902"}],"wp:featuredmedia":[{"embeddable":true,"href":"https:\/\/www.parchionline.it\/blog\/wp-json\/wp\/v2\/media\/7899"}],"wp:attachment":[{"href":"https:\/\/www.parchionline.it\/blog\/wp-json\/wp\/v2\/media?parent=7898"}],"wp:term":[{"taxonomy":"category","embeddable":true,"href":"https:\/\/www.parchionline.it\/blog\/wp-json\/wp\/v2\/categories?post=7898"},{"taxonomy":"post_tag","embeddable":true,"href":"https:\/\/www.parchionline.it\/blog\/wp-json\/wp\/v2\/tags?post=7898"}],"curies":[{"name":"wp","href":"https:\/\/api.w.org\/{rel}","templated":true}]}}